{"id":9,"date":"2013-05-30T22:16:09","date_gmt":"2013-05-30T21:16:09","guid":{"rendered":"https:\/\/bonnin.sitefamille.fr\/?p=9"},"modified":"2013-06-04T21:04:33","modified_gmt":"2013-06-04T20:04:33","slug":"premiere-naissance-2013","status":"publish","type":"post","link":"https:\/\/bonnin.sitefamille.fr\/?p=9","title":{"rendered":"Premi\u00e8re naissance 2013"},"content":{"rendered":"<p>J<img loading=\"lazy\" decoding=\"async\" style=\"margin: 5px; border: 5px currentColor;white\" title=\"axel_\" alt=\"axel_\" src=\"http:\/\/tribu-bonnin.info\/joomla103Sauv\/images\/stories\/axel_.jpg\" width=\"197\" height=\"147\" align=\"left\" border=\"0\" hspace=\"5\" vspace=\"5\" \/>e suis AXEL et\u00a0 je suis heureux d&rsquo;arriver dans la grande famille BONNIN<br \/>\nFabienne et Olivier mes parents sont ravis de me voir malgr\u00e9 ma venue avec\u00a05 semaines d&rsquo;avance. Je p\u00e8se 3 kg et mesure 47 cms<br \/>\nJe suis le 85\u00e8me\u00a0de la 4\u00e8me g\u00e9n\u00e9ration de la \u00ab\u00a0Tribu Bonnin\u00a0\u00bb !<br \/>\nJe me porte bien mais maman est tr\u00e8s fatigu\u00e9e.<br \/>\nPapy Jacqueset mamie Th\u00e9r\u00e8se ( Gaboriaud &#8211; Bibard )\u00a0se font<br \/>\nune joie d&rsquo;arroser ma naissance, vous y \u00eates invit\u00e9s<br \/>\nFabienne Gaboriaud Olivier Bichaud<\/p>\n","protected":false},"excerpt":{"rendered":"<p>Je suis AXEL et\u00a0 je suis heureux d&rsquo;arriver dans la grande famille BONNIN Fabienne et Olivier mes parents sont ravis de me voir malgr\u00e9 ma venue avec\u00a05 semaines d&rsquo;avance. Je p\u00e8se 3 kg et mesure 47 cms Je suis le 85\u00e8me\u00a0de la 4\u00e8me g\u00e9n\u00e9ration de la \u00ab\u00a0Tribu Bonnin\u00a0\u00bb ! Je me porte bien mais maman [&hellip;]<\/p>\n","protected":false},"author":1,"featured_media":0,"comment_status":"open","ping_status":"open","sticky":false,"template":"","format":"standard","meta":{"cybocfi_hide_featured_image":"","footnotes":""},"categories":[2],"tags":[],"class_list":["post-9","post","type-post","status-publish","format-standard","hentry","category-naissance"],"_links":{"self":[{"href":"https:\/\/bonnin.sitefamille.fr\/index.php?rest_route=\/wp\/v2\/posts\/9","targetHints":{"allow":["GET"]}}],"collection":[{"href":"https:\/\/bonnin.sitefamille.fr\/index.php?rest_route=\/wp\/v2\/posts"}],"about":[{"href":"https:\/\/bonnin.sitefamille.fr\/index.php?rest_route=\/wp\/v2\/types\/post"}],"author":[{"embeddable":true,"href":"https:\/\/bonnin.sitefamille.fr\/index.php?rest_route=\/wp\/v2\/users\/1"}],"replies":[{"embeddable":true,"href":"https:\/\/bonnin.sitefamille.fr\/index.php?rest_route=%2Fwp%2Fv2%2Fcomments&post=9"}],"version-history":[{"count":3,"href":"https:\/\/bonnin.sitefamille.fr\/index.php?rest_route=\/wp\/v2\/posts\/9\/revisions"}],"predecessor-version":[{"id":64,"href":"https:\/\/bonnin.sitefamille.fr\/index.php?rest_route=\/wp\/v2\/posts\/9\/revisions\/64"}],"wp:attachment":[{"href":"https:\/\/bonnin.sitefamille.fr\/index.php?rest_route=%2Fwp%2Fv2%2Fmedia&parent=9"}],"wp:term":[{"taxonomy":"category","embeddable":true,"href":"https:\/\/bonnin.sitefamille.fr\/index.php?rest_route=%2Fwp%2Fv2%2Fcategories&post=9"},{"taxonomy":"post_tag","embeddable":true,"href":"https:\/\/bonnin.sitefamille.fr\/index.php?rest_route=%2Fwp%2Fv2%2Ftags&post=9"}],"curies":[{"name":"wp","href":"https:\/\/api.w.org\/{rel}","templated":true}]}}