{"id":367,"date":"2016-10-17T17:25:26","date_gmt":"2016-10-17T16:25:26","guid":{"rendered":"https:\/\/bonnin.sitefamille.fr\/?p=367"},"modified":"2016-10-26T11:19:42","modified_gmt":"2016-10-26T10:19:42","slug":"automne-2016-que-se-passe-il-dans-la-tribu-bonnin-voici-quelques-nouvelles","status":"publish","type":"post","link":"https:\/\/bonnin.sitefamille.fr\/?p=367","title":{"rendered":"Automne 2016 : que se passe-il dans la tribu Bonnin ?   Voici quelques nouvelles&#8230;"},"content":{"rendered":"<h1><img loading=\"lazy\" decoding=\"async\" class=\"aligncenter\" src=\"http:\/\/media.comprendrechoisir.com\/usage=full:orientation=horizontal\/arbre_automne\" alt=\"Afficher l'image d'origine\" width=\"256\" height=\"171\" \/><\/h1>\n<h1 style=\"text-align: center;\">Des nouvelles de la 1\u00e8re g\u00e9n\u00e9ration :<\/h1>\n<p><strong>Gabriel Bibard<\/strong> (95 ans le 27 novembre) et <strong>Radegonde Bibard<\/strong> (93 ans le 8 juillet) apr\u00e8s de longues ann\u00e9es \u00e0 Montpensier et \u00e0 la Fourchette (Breuil Chauss\u00e9e et Terves) sont maintenant \u00e0<br \/>\nla Maison de retraite d&rsquo;Argenton-les-Vall\u00e9es.<br \/>\nLeur sant\u00e9 bien que fragile leur permet encore de participer aux activit\u00e9s de l&rsquo;\u00e9tablissement<br \/>\n<strong>Jeanne Bonnin<\/strong> (1 mai 1928) est en Maison de Retraite sp\u00e9cialis\u00e9e \u00e0 Aiffres pr\u00e8s de Niort et <strong>G\u00e9rard<\/strong> (6 f\u00e9vrier 1927) est toujours bien vaillant \u00e0 Ste Pezenne mais\u00a0 toujours tr\u00e8s pr\u00e9occup\u00e9e par la sant\u00e9 de Jeanne.<br \/>\n<strong>Yvonne Bonnin<\/strong>\u00a0 est toujours fid\u00e8le aux Jards de Terves<br \/>\n<strong>Paule et Hubert<\/strong> \u00e0 B\u00e9n\u00e9vent l&rsquo;Abbaye (Creuse) tr\u00e8s occup\u00e9s par la retraite..<\/p>\n<h1>Pour la 2\u00e8me g\u00e9n\u00e9ration reportez-vous au <a href=\"https:\/\/bonnin.sitefamille.fr\/?page_id=227\">fichier de la Tribu<\/a><\/h1>\n<p id=\"AQjqJjy\"><a href=\"https:\/\/bonnin.sitefamille.fr\/?page_id=227\"><img loading=\"lazy\" decoding=\"async\" class=\"wp-image-371 aligncenter\" src=\"https:\/\/bonnin.sitefamille.fr\/wp-content\/uploads\/2016\/10\/img_5804faf78ac05.png\" alt=\"\" width=\"430\" height=\"532\" srcset=\"https:\/\/bonnin.sitefamille.fr\/wp-content\/uploads\/2016\/10\/img_5804faf78ac05.png 581w, https:\/\/bonnin.sitefamille.fr\/wp-content\/uploads\/2016\/10\/img_5804faf78ac05-242x300.png 242w\" sizes=\"auto, (max-width: 430px) 100vw, 430px\" \/><\/a><\/p>\n<h1>Voici maintenant les toutes derni\u00e8res information connues :<\/h1>\n<p>Dans la famille<strong> Christine et Christophe Clochard<\/strong> des Jards (voir fichier Tribu)<\/p>\n<p><img loading=\"lazy\" decoding=\"async\" width=\"266\" height=\"177\" class=\"size-full wp-image-368 alignleft\" src=\"https:\/\/bonnin.sitefamille.fr\/wp-content\/uploads\/2016\/10\/img_5804f8c49f793.png\" alt=\"\" \/>\u00ab\u00a0Nous sommes heureux de vous annoncer que Bastien et Blandine se sont pax\u00e9s.<br \/>\nVoici enfin les photos du PACS et de la cr\u00e9maill\u00e8re de Bastien et Blandine qui a eu lieu dans leur jardin \u00e0 Poitiers\u00a0le 2 juillet 2016, une belle journ\u00e9e avec la famille et les amis, une belle journ\u00e9e avec le soleil et en musique.\u00a0\u00bb<\/p>\n<p>&nbsp;<\/p>\n<p><img loading=\"lazy\" decoding=\"async\" width=\"270\" height=\"180\" class=\"size-full wp-image-369 alignleft\" src=\"https:\/\/bonnin.sitefamille.fr\/wp-content\/uploads\/2016\/10\/img_5804f9c3dac4e.png\" alt=\"\" \/>Depuis ce jour est n\u00e9e\u00a0<strong>Jeanne<\/strong> CLOCHARD qui est n\u00e9e le 11 Aout 2016 \u00e0 8h25, 3.500kg et 49cm \u00e0 Bressuire.\u00a0Une belle petite CLOCHARD qui rend heureux ses parents et\u00a0ses grands parents\u00a0 <strong>Christine et Christophe<\/strong> et aussi l&rsquo;arri\u00e8re grand m\u00e8re Yvonne.<\/p>\n<p id=\"hrqhxqH\">Matthieu a commenc\u00e9 la formation de Jeanne \u00e0 la garde les moutons&#8230;en peluche !<br \/>\n<strong>Cosette et Matthieu\u00a0 CLOCHARD<\/strong> Les Jards de Terves<\/p>\n<h2>Et encore&#8230;<\/h2>\n<p>Dans la famille <strong>Radegonde<\/strong> et <strong>Gabriel Bibard<\/strong>, <strong>Mich\u00e8le<\/strong> s&rsquo;est retrouv\u00e9e une nouvelle fois Grand-m\u00e8re.<br \/>\n<strong>Teddy et Elise<\/strong> ont donn\u00e9 une petite s\u0153ur \u00e0 <strong>Gaston<\/strong><\/p>\n<p>\u00ab\u00a0Ce lundi 26 septembre 2016 <strong>Hermione<\/strong> est n\u00e9e! Elle p\u00e8se 3 kg 810 et mesure 52cm\u00a0\u00bb .<br \/>\n<strong>Teddy et Elise<\/strong> sont tr\u00e8s heureux et \u00ab\u00a0Gaston est fier d&rsquo;\u00eatre grand fr\u00e8re.\u00a0\u00bb<\/p>\n<h2>Et encore&#8230;<\/h2>\n<p>le 13 ao\u00fbt <strong>Mathys<\/strong> nous avait invit\u00e9s au mariage de ses parents, <strong>Audrey et Thomas.<\/strong><\/p>\n<p id=\"QSWiQhD\"><img loading=\"lazy\" decoding=\"async\" width=\"251\" height=\"334\" class=\"size-full wp-image-370 alignleft\" src=\"https:\/\/bonnin.sitefamille.fr\/wp-content\/uploads\/2016\/10\/img_5804fa4207753.png\" alt=\"\" srcset=\"https:\/\/bonnin.sitefamille.fr\/wp-content\/uploads\/2016\/10\/img_5804fa4207753.png 251w, https:\/\/bonnin.sitefamille.fr\/wp-content\/uploads\/2016\/10\/img_5804fa4207753-225x300.png 225w\" sizes=\"auto, (max-width: 251px) 100vw, 251px\" \/><\/p>\n<p><strong>Audrey Bourcier et Thomas Bouhet<\/strong> se sont mari\u00e9s ce 13 ao\u00fbt \u00e0 la mairie de Bressuire.<br \/>\nLes festivit\u00e9s se sont d\u00e9roul\u00e9es \u00e0\u00a0 Breuil Chauss\u00e9e. Il faisait beau et chaud. Un temps favorable pour bien arroser cet heureux \u00e9v\u00e9nement.. .<\/p>\n<p><strong>Marie Andr\u00e9e et Robert Landreau<\/strong> \u00e9taient fiers de marier leur petite fille.<\/p>\n<p>Tous nos v\u0153ux de bonheur aux jeunes \u00e9poux.<\/p>\n<p>&nbsp;<\/p>\n<p>Thomas et Audrey 79000 Faye l&rsquo;Abesse<\/p>\n<h2>Et encore&#8230;<\/h2>\n<p><strong>Na\u00eblys<\/strong> est n\u00e9e le 9 avril 2016 \u00e0 Neuvy Bouin. F\u00e9licitations aux heureux parents <strong>Adrien et Oph\u00e9lia Maria<\/strong>.<br \/>\nF\u00e9licitations \u00e0 la grand-m\u00e8re Maryse, aux arri\u00e8re grands-parents <strong>Didier et Simone Grellier<\/strong>.<br \/>\nNa\u00eblys est donc la 2\u00e8me naissance de la 5\u00e8me g\u00e9n\u00e9ration de la Tribu Bonnin.<br \/>\nAdrien et\u00a0 Ophelia Maria 79000 Neuvy Bouin<\/p>\n<h2>Et encore&#8230;<\/h2>\n<p><strong>AXEL<\/strong> nous fait part de la naissance de sa petite s\u0153ur <strong>EMMA<\/strong>\u00a0le 11 octobre 2016 \u00e0 Tours.<br \/>\nFabienne et Olivier <strong>BICHAUT<\/strong> sont les heureux parents.<br \/>\n<strong>Marie Therese et Jacques GABORIAUD<\/strong> sont les heureux grands parents,<br \/>\nFabienne est leur 2eme fille.<\/p>\n<h2>A suivre&#8230;<\/h2>\n","protected":false},"excerpt":{"rendered":"<p>Des nouvelles de la 1\u00e8re g\u00e9n\u00e9ration : Gabriel Bibard (95 ans le 27 novembre) et Radegonde Bibard (93 ans le 8 juillet) apr\u00e8s de longues ann\u00e9es \u00e0 Montpensier et \u00e0 la Fourchette (Breuil Chauss\u00e9e et Terves) sont maintenant \u00e0 la Maison de retraite d&rsquo;Argenton-les-Vall\u00e9es. Leur sant\u00e9 bien que fragile leur permet encore de participer aux [&hellip;]<\/p>\n","protected":false},"author":3,"featured_media":0,"comment_status":"open","ping_status":"open","sticky":false,"template":"","format":"standard","meta":{"cybocfi_hide_featured_image":"","footnotes":""},"categories":[8],"tags":[],"class_list":["post-367","post","type-post","status-publish","format-standard","hentry","category-news"],"_links":{"self":[{"href":"https:\/\/bonnin.sitefamille.fr\/index.php?rest_route=\/wp\/v2\/posts\/367","targetHints":{"allow":["GET"]}}],"collection":[{"href":"https:\/\/bonnin.sitefamille.fr\/index.php?rest_route=\/wp\/v2\/posts"}],"about":[{"href":"https:\/\/bonnin.sitefamille.fr\/index.php?rest_route=\/wp\/v2\/types\/post"}],"author":[{"embeddable":true,"href":"https:\/\/bonnin.sitefamille.fr\/index.php?rest_route=\/wp\/v2\/users\/3"}],"replies":[{"embeddable":true,"href":"https:\/\/bonnin.sitefamille.fr\/index.php?rest_route=%2Fwp%2Fv2%2Fcomments&post=367"}],"version-history":[{"count":15,"href":"https:\/\/bonnin.sitefamille.fr\/index.php?rest_route=\/wp\/v2\/posts\/367\/revisions"}],"predecessor-version":[{"id":393,"href":"https:\/\/bonnin.sitefamille.fr\/index.php?rest_route=\/wp\/v2\/posts\/367\/revisions\/393"}],"wp:attachment":[{"href":"https:\/\/bonnin.sitefamille.fr\/index.php?rest_route=%2Fwp%2Fv2%2Fmedia&parent=367"}],"wp:term":[{"taxonomy":"category","embeddable":true,"href":"https:\/\/bonnin.sitefamille.fr\/index.php?rest_route=%2Fwp%2Fv2%2Fcategories&post=367"},{"taxonomy":"post_tag","embeddable":true,"href":"https:\/\/bonnin.sitefamille.fr\/index.php?rest_route=%2Fwp%2Fv2%2Ftags&post=367"}],"curies":[{"name":"wp","href":"https:\/\/api.w.org\/{rel}","templated":true}]}}