{"id":201,"date":"2014-10-27T21:20:33","date_gmt":"2014-10-27T20:20:33","guid":{"rendered":"https:\/\/bonnin.sitefamille.fr\/?p=201"},"modified":"2014-12-30T22:44:09","modified_gmt":"2014-12-30T21:44:09","slug":"cosette-la-bergere-et-marthieu-le-tendre-berger","status":"publish","type":"post","link":"https:\/\/bonnin.sitefamille.fr\/?p=201","title":{"rendered":"Cosette la berg\u00e8re et Marthieu le tendre berger"},"content":{"rendered":"<p style=\"text-align: center;\"><strong><a href=\"https:\/\/bonnin.sitefamille.fr\/wp-content\/uploads\/2014\/10\/MathieuCosette1.jpg\"><img loading=\"lazy\" decoding=\"async\" class=\"  wp-image-204 aligncenter\" src=\"https:\/\/bonnin.sitefamille.fr\/wp-content\/uploads\/2014\/10\/MathieuCosette1.jpg\" alt=\"MathieuCosette\" width=\"364\" height=\"300\" \/><\/a><\/strong><\/p>\n<p style=\"text-align: center;\"><strong>Il \u00e9tait une fois un mouton et une brebis<br \/>\n<\/strong><strong>qui s&rsquo;aimait d&rsquo;un amour tendre<br \/>\n<\/strong><strong>Ils d\u00e9cid\u00e8rent de se marier<br \/>\n<\/strong><strong>Notre ma\u00eetre Mathieu qui prenait soin de nous<br \/>\n<\/strong><strong>et sa bien-aim\u00e9e Cosette<br \/>\n<\/strong><strong>en firent de m\u00eame.<br \/>\n<\/strong><strong>Toute la bergerie fut de la f\u00eate&#8230;<br \/>\n<\/strong><strong>mais surtout parents et amis\u00a0 qui f\u00eat\u00e8rent cet \u00e9v\u00e9nement<br \/>\n<\/strong><strong>comme il se doit !<br \/>\n<\/strong><strong>Tous nos voeux de bonheur<br \/>\n<\/strong><strong>Cela se passait \u00e0 Terves le 27 Septembre 2014<br \/>\n<\/strong><strong><em>Matthieu et Cosette Clochard<br \/>\n<\/em><\/strong><strong><em>79 300 TERVES<\/em><\/strong><\/p>\n","protected":false},"excerpt":{"rendered":"<p>Il \u00e9tait une fois un mouton et une brebis qui s&rsquo;aimait d&rsquo;un amour tendre Ils d\u00e9cid\u00e8rent de se marier Notre ma\u00eetre Mathieu qui prenait soin de nous et sa bien-aim\u00e9e Cosette en firent de m\u00eame. Toute la bergerie fut de la f\u00eate&#8230; mais surtout parents et amis\u00a0 qui f\u00eat\u00e8rent cet \u00e9v\u00e9nement comme il se doit [&hellip;]<\/p>\n","protected":false},"author":3,"featured_media":0,"comment_status":"open","ping_status":"open","sticky":false,"template":"","format":"standard","meta":{"cybocfi_hide_featured_image":"","footnotes":""},"categories":[8],"tags":[],"class_list":["post-201","post","type-post","status-publish","format-standard","hentry","category-news"],"_links":{"self":[{"href":"https:\/\/bonnin.sitefamille.fr\/index.php?rest_route=\/wp\/v2\/posts\/201","targetHints":{"allow":["GET"]}}],"collection":[{"href":"https:\/\/bonnin.sitefamille.fr\/index.php?rest_route=\/wp\/v2\/posts"}],"about":[{"href":"https:\/\/bonnin.sitefamille.fr\/index.php?rest_route=\/wp\/v2\/types\/post"}],"author":[{"embeddable":true,"href":"https:\/\/bonnin.sitefamille.fr\/index.php?rest_route=\/wp\/v2\/users\/3"}],"replies":[{"embeddable":true,"href":"https:\/\/bonnin.sitefamille.fr\/index.php?rest_route=%2Fwp%2Fv2%2Fcomments&post=201"}],"version-history":[{"count":3,"href":"https:\/\/bonnin.sitefamille.fr\/index.php?rest_route=\/wp\/v2\/posts\/201\/revisions"}],"predecessor-version":[{"id":243,"href":"https:\/\/bonnin.sitefamille.fr\/index.php?rest_route=\/wp\/v2\/posts\/201\/revisions\/243"}],"wp:attachment":[{"href":"https:\/\/bonnin.sitefamille.fr\/index.php?rest_route=%2Fwp%2Fv2%2Fmedia&parent=201"}],"wp:term":[{"taxonomy":"category","embeddable":true,"href":"https:\/\/bonnin.sitefamille.fr\/index.php?rest_route=%2Fwp%2Fv2%2Fcategories&post=201"},{"taxonomy":"post_tag","embeddable":true,"href":"https:\/\/bonnin.sitefamille.fr\/index.php?rest_route=%2Fwp%2Fv2%2Ftags&post=201"}],"curies":[{"name":"wp","href":"https:\/\/api.w.org\/{rel}","templated":true}]}}